{"id":297,"date":"2025-03-13T09:32:48","date_gmt":"2025-03-13T09:32:48","guid":{"rendered":"https:\/\/www.cub1ua.ufra.o2switch.site\/?p=297"},"modified":"2025-03-13T09:33:41","modified_gmt":"2025-03-13T09:33:41","slug":"entre-empires-et-modernite","status":"publish","type":"post","link":"https:\/\/www.cub1ua.ufra.o2switch.site\/?p=297","title":{"rendered":"Entre empires et modernit\u00e9"},"content":{"rendered":"\n<p class=\"wp-block-paragraph\">Istanbul, situ\u00e9e \u00e0 la crois\u00e9e de l\u2019Europe et de l\u2019Asie, est l\u2019une des villes les plus embl\u00e9matiques du monde. Son histoire riche et mouvement\u00e9e en fait un v\u00e9ritable carrefour des civilisations. Fond\u00e9e sous le nom de Byzance, rebaptis\u00e9e Constantinople, puis enfin Istanbul, cette m\u00e9tropole a \u00e9t\u00e9 le c\u0153ur de trois grands empires : romain, byzantin et ottoman.<\/p>\n\n\n\n<h4 class=\"wp-block-heading\"><strong>Les origines : Byzance, une cit\u00e9 grecque (VIIe si\u00e8cle av. J.-C.)<\/strong><\/h4>\n\n\n\n<p class=\"wp-block-paragraph\">L\u2019histoire d\u2019Istanbul commence vers 667 av. J.-C., lorsque des colons grecs de M\u00e9gare fondent la cit\u00e9 de Byzance sur les rives du Bosphore. Gr\u00e2ce \u00e0 sa position strat\u00e9gique entre l\u2019Europe et l\u2019Asie, la ville prosp\u00e8re rapidement gr\u00e2ce au commerce maritime.<\/p>\n\n\n\n<h4 class=\"wp-block-heading\"><strong>Constantinople, la \u201cNouvelle Rome\u201d (IVe si\u00e8cle &#8211; XVe si\u00e8cle)<\/strong><\/h4>\n\n\n\n<p class=\"wp-block-paragraph\">En 330 apr. J.-C., l\u2019empereur romain Constantin Ier d\u00e9cide de faire de Byzance la nouvelle capitale de l\u2019Empire romain d\u2019Orient. La ville est rebaptis\u00e9e&nbsp;<strong>Constantinople<\/strong>&nbsp;et devient un centre politique, \u00e9conomique et religieux majeur. Sous l\u2019Empire byzantin, elle conna\u00eet un essor architectural avec la construction de monuments impressionnants comme&nbsp;<strong>Sainte-Sophie<\/strong>, un chef-d&rsquo;\u0153uvre de l\u2019art byzantin, et les murailles de Th\u00e9odose II, qui la prot\u00e8gent des invasions pendant pr\u00e8s d\u2019un mill\u00e9naire.<\/p>\n\n\n\n<h4 class=\"wp-block-heading\"><strong>La conqu\u00eate ottomane et l\u2019\u00e2ge d\u2019or d\u2019Istanbul (1453 &#8211; XIXe si\u00e8cle)<\/strong><\/h4>\n\n\n\n<p class=\"wp-block-paragraph\">En 1453, le sultan ottoman&nbsp;<strong>Mehmet II<\/strong>, surnomm\u00e9 \u201cle Conqu\u00e9rant\u201d, assi\u00e8ge Constantinople et met fin \u00e0 l\u2019Empire byzantin. Il renomme la ville&nbsp;<strong>Istanbul<\/strong>&nbsp;et en fait la capitale de l\u2019Empire ottoman. Sous son r\u00e8gne et celui de ses successeurs, la ville s\u2019embellit avec la construction de&nbsp;<strong>mosqu\u00e9es somptueuses<\/strong>, comme la Mosqu\u00e9e bleue et la Mosqu\u00e9e de Soliman le Magnifique. Istanbul devient alors un centre de culture, d\u2019art et de commerce reliant l\u2019Orient et l\u2019Occident.<\/p>\n\n\n\n<h4 class=\"wp-block-heading\"><strong>De la capitale ottomane \u00e0 la Turquie moderne (XXe si\u00e8cle &#8211; aujourd\u2019hui)<\/strong><\/h4>\n\n\n\n<p class=\"wp-block-paragraph\">En 1923, apr\u00e8s la chute de l\u2019Empire ottoman,&nbsp;<strong>Mustafa Kemal Atat\u00fcrk<\/strong>&nbsp;fonde la R\u00e9publique de Turquie et transf\u00e8re la capitale \u00e0 Ankara. Malgr\u00e9 cela, Istanbul reste la ville la plus importante du pays. Au fil du XXe si\u00e8cle, elle se modernise tout en conservant son patrimoine historique unique. Aujourd\u2019hui, elle est une&nbsp;<strong>m\u00e9tropole dynamique<\/strong>, m\u00ealant influences traditionnelles et contemporaines.<\/p>\n\n\n\n<h3 class=\"wp-block-heading\"><strong>Istanbul aujourd\u2019hui : une ville entre deux mondes<\/strong><\/h3>\n\n\n\n<p class=\"wp-block-paragraph\">Avec ses&nbsp;<strong>16 millions d\u2019habitants<\/strong>, Istanbul est l\u2019une des plus grandes villes du monde. Son patrimoine culturel attire des millions de touristes chaque ann\u00e9e. Entre le&nbsp;<strong>Grand Bazar<\/strong>, le palais de&nbsp;<strong>Topkap\u0131<\/strong>, les rives du&nbsp;<strong>Bosphore<\/strong>&nbsp;et la vie nocturne anim\u00e9e de Taksim, Istanbul est une ville qui ne dort jamais et qui continue d\u2019\u00e9merveiller par sa diversit\u00e9 et son histoire mill\u00e9naire.<\/p>\n\n\n","protected":false},"excerpt":{"rendered":"<p>Istanbul, situ\u00e9e \u00e0 la crois\u00e9e de l\u2019Europe et de l\u2019Asie, est l\u2019une des villes les plus embl\u00e9matiques du monde. Son histoire riche et mouvement\u00e9e en fait un v\u00e9ritable carrefour des civilisations. Fond\u00e9e sous le nom de Byzance, rebaptis\u00e9e Constantinople, puis enfin Istanbul, cette m\u00e9tropole a \u00e9t\u00e9 le c\u0153ur de trois grands empires : romain, byzantin [&hellip;]<\/p>\n","protected":false},"author":1,"featured_media":0,"comment_status":"open","ping_status":"open","sticky":false,"template":"","format":"standard","meta":{"saved_in_kubio":false,"footnotes":""},"categories":[1],"tags":[],"class_list":["post-297","post","type-post","status-publish","format-standard","hentry","category-uncategorized"],"yoast_head":"<!-- This site is optimized with the Yoast SEO plugin v24.3 - https:\/\/yoast.com\/wordpress\/plugins\/seo\/ -->\n<title>Entre empires et modernit\u00e9 - COME TO ISTANBUL<\/title>\n<meta name=\"robots\" content=\"index, follow, max-snippet:-1, max-image-preview:large, max-video-preview:-1\" \/>\n<link rel=\"canonical\" href=\"https:\/\/www.cub1ua.ufra.o2switch.site\/?p=297\" \/>\n<meta property=\"og:locale\" content=\"fr_FR\" \/>\n<meta property=\"og:type\" content=\"article\" \/>\n<meta property=\"og:title\" content=\"Entre empires et modernit\u00e9 - COME TO ISTANBUL\" \/>\n<meta property=\"og:description\" content=\"Istanbul, situ\u00e9e \u00e0 la crois\u00e9e de l\u2019Europe et de l\u2019Asie, est l\u2019une des villes les plus embl\u00e9matiques du monde. Son histoire riche et mouvement\u00e9e en fait un v\u00e9ritable carrefour des civilisations. Fond\u00e9e sous le nom de Byzance, rebaptis\u00e9e Constantinople, puis enfin Istanbul, cette m\u00e9tropole a \u00e9t\u00e9 le c\u0153ur de trois grands empires : romain, byzantin [&hellip;]\" \/>\n<meta property=\"og:url\" content=\"https:\/\/www.cub1ua.ufra.o2switch.site\/?p=297\" \/>\n<meta property=\"og:site_name\" content=\"COME TO ISTANBUL\" \/>\n<meta property=\"article:published_time\" content=\"2025-03-13T09:32:48+00:00\" \/>\n<meta property=\"article:modified_time\" content=\"2025-03-13T09:33:41+00:00\" \/>\n<meta name=\"author\" content=\"Aleyna Acar\" \/>\n<meta name=\"twitter:card\" content=\"summary_large_image\" \/>\n<meta name=\"twitter:label1\" content=\"\u00c9crit par\" \/>\n\t<meta name=\"twitter:data1\" content=\"Aleyna Acar\" \/>\n\t<meta name=\"twitter:label2\" content=\"Dur\u00e9e de lecture estim\u00e9e\" \/>\n\t<meta name=\"twitter:data2\" content=\"3 minutes\" \/>\n<script type=\"application\/ld+json\" class=\"yoast-schema-graph\">{\"@context\":\"https:\/\/schema.org\",\"@graph\":[{\"@type\":\"Article\",\"@id\":\"https:\/\/www.cub1ua.ufra.o2switch.site\/?p=297#article\",\"isPartOf\":{\"@id\":\"https:\/\/www.cub1ua.ufra.o2switch.site\/?p=297\"},\"author\":{\"name\":\"Aleyna Acar\",\"@id\":\"https:\/\/www.cub1ua.ufra.o2switch.site\/#\/schema\/person\/7ae1ae9032ade678c5702d892604362c\"},\"headline\":\"Entre empires et modernit\u00e9\",\"datePublished\":\"2025-03-13T09:32:48+00:00\",\"dateModified\":\"2025-03-13T09:33:41+00:00\",\"mainEntityOfPage\":{\"@id\":\"https:\/\/www.cub1ua.ufra.o2switch.site\/?p=297\"},\"wordCount\":494,\"commentCount\":0,\"publisher\":{\"@id\":\"https:\/\/www.cub1ua.ufra.o2switch.site\/#organization\"},\"articleSection\":[\"Uncategorized\"],\"inLanguage\":\"fr-FR\",\"potentialAction\":[{\"@type\":\"CommentAction\",\"name\":\"Comment\",\"target\":[\"https:\/\/www.cub1ua.ufra.o2switch.site\/?p=297#respond\"]}]},{\"@type\":\"WebPage\",\"@id\":\"https:\/\/www.cub1ua.ufra.o2switch.site\/?p=297\",\"url\":\"https:\/\/www.cub1ua.ufra.o2switch.site\/?p=297\",\"name\":\"Entre empires et modernit\u00e9 - COME TO ISTANBUL\",\"isPartOf\":{\"@id\":\"https:\/\/www.cub1ua.ufra.o2switch.site\/#website\"},\"datePublished\":\"2025-03-13T09:32:48+00:00\",\"dateModified\":\"2025-03-13T09:33:41+00:00\",\"breadcrumb\":{\"@id\":\"https:\/\/www.cub1ua.ufra.o2switch.site\/?p=297#breadcrumb\"},\"inLanguage\":\"fr-FR\",\"potentialAction\":[{\"@type\":\"ReadAction\",\"target\":[\"https:\/\/www.cub1ua.ufra.o2switch.site\/?p=297\"]}]},{\"@type\":\"BreadcrumbList\",\"@id\":\"https:\/\/www.cub1ua.ufra.o2switch.site\/?p=297#breadcrumb\",\"itemListElement\":[{\"@type\":\"ListItem\",\"position\":1,\"name\":\"Accueil\",\"item\":\"https:\/\/www.cub1ua.ufra.o2switch.site\/\"},{\"@type\":\"ListItem\",\"position\":2,\"name\":\"Entre empires et modernit\u00e9\"}]},{\"@type\":\"WebSite\",\"@id\":\"https:\/\/www.cub1ua.ufra.o2switch.site\/#website\",\"url\":\"https:\/\/www.cub1ua.ufra.o2switch.site\/\",\"name\":\"COME TO ISTANBUL\",\"description\":\"\",\"publisher\":{\"@id\":\"https:\/\/www.cub1ua.ufra.o2switch.site\/#organization\"},\"potentialAction\":[{\"@type\":\"SearchAction\",\"target\":{\"@type\":\"EntryPoint\",\"urlTemplate\":\"https:\/\/www.cub1ua.ufra.o2switch.site\/?s={search_term_string}\"},\"query-input\":{\"@type\":\"PropertyValueSpecification\",\"valueRequired\":true,\"valueName\":\"search_term_string\"}}],\"inLanguage\":\"fr-FR\"},{\"@type\":\"Organization\",\"@id\":\"https:\/\/www.cub1ua.ufra.o2switch.site\/#organization\",\"name\":\"COME TO ISTANBUL\",\"url\":\"https:\/\/www.cub1ua.ufra.o2switch.site\/\",\"logo\":{\"@type\":\"ImageObject\",\"inLanguage\":\"fr-FR\",\"@id\":\"https:\/\/www.cub1ua.ufra.o2switch.site\/#\/schema\/logo\/image\/\",\"url\":\"https:\/\/www.cub1ua.ufra.o2switch.site\/wp-content\/uploads\/2025\/03\/Istanbul.png\",\"contentUrl\":\"https:\/\/www.cub1ua.ufra.o2switch.site\/wp-content\/uploads\/2025\/03\/Istanbul.png\",\"width\":500,\"height\":500,\"caption\":\"COME TO ISTANBUL\"},\"image\":{\"@id\":\"https:\/\/www.cub1ua.ufra.o2switch.site\/#\/schema\/logo\/image\/\"}},{\"@type\":\"Person\",\"@id\":\"https:\/\/www.cub1ua.ufra.o2switch.site\/#\/schema\/person\/7ae1ae9032ade678c5702d892604362c\",\"name\":\"Aleyna Acar\",\"image\":{\"@type\":\"ImageObject\",\"inLanguage\":\"fr-FR\",\"@id\":\"https:\/\/www.cub1ua.ufra.o2switch.site\/#\/schema\/person\/image\/\",\"url\":\"https:\/\/secure.gravatar.com\/avatar\/b1afbaa1273e5324da6d9609268d9122e504b173feb4b276a654e400968f4822?s=96&d=mm&r=g\",\"contentUrl\":\"https:\/\/secure.gravatar.com\/avatar\/b1afbaa1273e5324da6d9609268d9122e504b173feb4b276a654e400968f4822?s=96&d=mm&r=g\",\"caption\":\"Aleyna Acar\"},\"sameAs\":[\"http:\/\/www.cub1ua.ufra.o2switch.site\"],\"url\":\"https:\/\/www.cub1ua.ufra.o2switch.site\/?author=1\"}]}<\/script>\n<!-- \/ Yoast SEO plugin. -->","yoast_head_json":{"title":"Entre empires et modernit\u00e9 - COME TO ISTANBUL","robots":{"index":"index","follow":"follow","max-snippet":"max-snippet:-1","max-image-preview":"max-image-preview:large","max-video-preview":"max-video-preview:-1"},"canonical":"https:\/\/www.cub1ua.ufra.o2switch.site\/?p=297","og_locale":"fr_FR","og_type":"article","og_title":"Entre empires et modernit\u00e9 - COME TO ISTANBUL","og_description":"Istanbul, situ\u00e9e \u00e0 la crois\u00e9e de l\u2019Europe et de l\u2019Asie, est l\u2019une des villes les plus embl\u00e9matiques du monde. Son histoire riche et mouvement\u00e9e en fait un v\u00e9ritable carrefour des civilisations. Fond\u00e9e sous le nom de Byzance, rebaptis\u00e9e Constantinople, puis enfin Istanbul, cette m\u00e9tropole a \u00e9t\u00e9 le c\u0153ur de trois grands empires : romain, byzantin [&hellip;]","og_url":"https:\/\/www.cub1ua.ufra.o2switch.site\/?p=297","og_site_name":"COME TO ISTANBUL","article_published_time":"2025-03-13T09:32:48+00:00","article_modified_time":"2025-03-13T09:33:41+00:00","author":"Aleyna Acar","twitter_card":"summary_large_image","twitter_misc":{"\u00c9crit par":"Aleyna Acar","Dur\u00e9e de lecture estim\u00e9e":"3 minutes"},"schema":{"@context":"https:\/\/schema.org","@graph":[{"@type":"Article","@id":"https:\/\/www.cub1ua.ufra.o2switch.site\/?p=297#article","isPartOf":{"@id":"https:\/\/www.cub1ua.ufra.o2switch.site\/?p=297"},"author":{"name":"Aleyna Acar","@id":"https:\/\/www.cub1ua.ufra.o2switch.site\/#\/schema\/person\/7ae1ae9032ade678c5702d892604362c"},"headline":"Entre empires et modernit\u00e9","datePublished":"2025-03-13T09:32:48+00:00","dateModified":"2025-03-13T09:33:41+00:00","mainEntityOfPage":{"@id":"https:\/\/www.cub1ua.ufra.o2switch.site\/?p=297"},"wordCount":494,"commentCount":0,"publisher":{"@id":"https:\/\/www.cub1ua.ufra.o2switch.site\/#organization"},"articleSection":["Uncategorized"],"inLanguage":"fr-FR","potentialAction":[{"@type":"CommentAction","name":"Comment","target":["https:\/\/www.cub1ua.ufra.o2switch.site\/?p=297#respond"]}]},{"@type":"WebPage","@id":"https:\/\/www.cub1ua.ufra.o2switch.site\/?p=297","url":"https:\/\/www.cub1ua.ufra.o2switch.site\/?p=297","name":"Entre empires et modernit\u00e9 - COME TO ISTANBUL","isPartOf":{"@id":"https:\/\/www.cub1ua.ufra.o2switch.site\/#website"},"datePublished":"2025-03-13T09:32:48+00:00","dateModified":"2025-03-13T09:33:41+00:00","breadcrumb":{"@id":"https:\/\/www.cub1ua.ufra.o2switch.site\/?p=297#breadcrumb"},"inLanguage":"fr-FR","potentialAction":[{"@type":"ReadAction","target":["https:\/\/www.cub1ua.ufra.o2switch.site\/?p=297"]}]},{"@type":"BreadcrumbList","@id":"https:\/\/www.cub1ua.ufra.o2switch.site\/?p=297#breadcrumb","itemListElement":[{"@type":"ListItem","position":1,"name":"Accueil","item":"https:\/\/www.cub1ua.ufra.o2switch.site\/"},{"@type":"ListItem","position":2,"name":"Entre empires et modernit\u00e9"}]},{"@type":"WebSite","@id":"https:\/\/www.cub1ua.ufra.o2switch.site\/#website","url":"https:\/\/www.cub1ua.ufra.o2switch.site\/","name":"COME TO ISTANBUL","description":"","publisher":{"@id":"https:\/\/www.cub1ua.ufra.o2switch.site\/#organization"},"potentialAction":[{"@type":"SearchAction","target":{"@type":"EntryPoint","urlTemplate":"https:\/\/www.cub1ua.ufra.o2switch.site\/?s={search_term_string}"},"query-input":{"@type":"PropertyValueSpecification","valueRequired":true,"valueName":"search_term_string"}}],"inLanguage":"fr-FR"},{"@type":"Organization","@id":"https:\/\/www.cub1ua.ufra.o2switch.site\/#organization","name":"COME TO ISTANBUL","url":"https:\/\/www.cub1ua.ufra.o2switch.site\/","logo":{"@type":"ImageObject","inLanguage":"fr-FR","@id":"https:\/\/www.cub1ua.ufra.o2switch.site\/#\/schema\/logo\/image\/","url":"https:\/\/www.cub1ua.ufra.o2switch.site\/wp-content\/uploads\/2025\/03\/Istanbul.png","contentUrl":"https:\/\/www.cub1ua.ufra.o2switch.site\/wp-content\/uploads\/2025\/03\/Istanbul.png","width":500,"height":500,"caption":"COME TO ISTANBUL"},"image":{"@id":"https:\/\/www.cub1ua.ufra.o2switch.site\/#\/schema\/logo\/image\/"}},{"@type":"Person","@id":"https:\/\/www.cub1ua.ufra.o2switch.site\/#\/schema\/person\/7ae1ae9032ade678c5702d892604362c","name":"Aleyna Acar","image":{"@type":"ImageObject","inLanguage":"fr-FR","@id":"https:\/\/www.cub1ua.ufra.o2switch.site\/#\/schema\/person\/image\/","url":"https:\/\/secure.gravatar.com\/avatar\/b1afbaa1273e5324da6d9609268d9122e504b173feb4b276a654e400968f4822?s=96&d=mm&r=g","contentUrl":"https:\/\/secure.gravatar.com\/avatar\/b1afbaa1273e5324da6d9609268d9122e504b173feb4b276a654e400968f4822?s=96&d=mm&r=g","caption":"Aleyna Acar"},"sameAs":["http:\/\/www.cub1ua.ufra.o2switch.site"],"url":"https:\/\/www.cub1ua.ufra.o2switch.site\/?author=1"}]}},"_links":{"self":[{"href":"https:\/\/www.cub1ua.ufra.o2switch.site\/index.php?rest_route=\/wp\/v2\/posts\/297","targetHints":{"allow":["GET"]}}],"collection":[{"href":"https:\/\/www.cub1ua.ufra.o2switch.site\/index.php?rest_route=\/wp\/v2\/posts"}],"about":[{"href":"https:\/\/www.cub1ua.ufra.o2switch.site\/index.php?rest_route=\/wp\/v2\/types\/post"}],"author":[{"embeddable":true,"href":"https:\/\/www.cub1ua.ufra.o2switch.site\/index.php?rest_route=\/wp\/v2\/users\/1"}],"replies":[{"embeddable":true,"href":"https:\/\/www.cub1ua.ufra.o2switch.site\/index.php?rest_route=%2Fwp%2Fv2%2Fcomments&post=297"}],"version-history":[{"count":1,"href":"https:\/\/www.cub1ua.ufra.o2switch.site\/index.php?rest_route=\/wp\/v2\/posts\/297\/revisions"}],"predecessor-version":[{"id":299,"href":"https:\/\/www.cub1ua.ufra.o2switch.site\/index.php?rest_route=\/wp\/v2\/posts\/297\/revisions\/299"}],"wp:attachment":[{"href":"https:\/\/www.cub1ua.ufra.o2switch.site\/index.php?rest_route=%2Fwp%2Fv2%2Fmedia&parent=297"}],"wp:term":[{"taxonomy":"category","embeddable":true,"href":"https:\/\/www.cub1ua.ufra.o2switch.site\/index.php?rest_route=%2Fwp%2Fv2%2Fcategories&post=297"},{"taxonomy":"post_tag","embeddable":true,"href":"https:\/\/www.cub1ua.ufra.o2switch.site\/index.php?rest_route=%2Fwp%2Fv2%2Ftags&post=297"}],"curies":[{"name":"wp","href":"https:\/\/api.w.org\/{rel}","templated":true}]}}