{"id":309,"date":"2025-03-13T09:42:14","date_gmt":"2025-03-13T09:42:14","guid":{"rendered":"https:\/\/www.cub1ua.ufra.o2switch.site\/?p=309"},"modified":"2025-03-13T09:42:15","modified_gmt":"2025-03-13T09:42:15","slug":"les-sites-historiques","status":"publish","type":"post","link":"https:\/\/www.cub1ua.ufra.o2switch.site\/?p=309","title":{"rendered":"Les sites historiques"},"content":{"rendered":"<div class=\"wp-block-image\">\n<figure class=\"aligncenter size-full is-resized\"><img loading=\"lazy\" decoding=\"async\" width=\"1000\" height=\"665\" src=\"https:\/\/www.cub1ua.ufra.o2switch.site\/wp-content\/uploads\/2025\/03\/large_istanbul_1478271_4f76f6470a-3.jpg\" alt=\"\" class=\"wp-image-311\" style=\"width:594px;height:auto\" srcset=\"https:\/\/www.cub1ua.ufra.o2switch.site\/wp-content\/uploads\/2025\/03\/large_istanbul_1478271_4f76f6470a-3.jpg 1000w, https:\/\/www.cub1ua.ufra.o2switch.site\/wp-content\/uploads\/2025\/03\/large_istanbul_1478271_4f76f6470a-3-300x200.jpg 300w, https:\/\/www.cub1ua.ufra.o2switch.site\/wp-content\/uploads\/2025\/03\/large_istanbul_1478271_4f76f6470a-3-768x511.jpg 768w, https:\/\/www.cub1ua.ufra.o2switch.site\/wp-content\/uploads\/2025\/03\/large_istanbul_1478271_4f76f6470a-3-200x133.jpg 200w\" sizes=\"(max-width: 1000px) 100vw, 1000px\" \/><\/figure>\n<\/div>\n\n\n<h1 class=\"wp-block-heading\"><strong>1. Monuments byzantins<\/strong>&nbsp;(IVe \u2013 XVe si\u00e8cle)<\/h1>\n\n\n\n<h3 class=\"wp-block-heading\"><strong>\ud83d\udd4c Sainte-Sophie (Ayasofya)<\/strong><\/h3>\n\n\n\n<ul class=\"wp-block-list\">\n<li>Construite en 537 sous l\u2019empereur Justinien.<\/li>\n\n\n\n<li>A \u00e9t\u00e9 une basilique chr\u00e9tienne, puis une mosqu\u00e9e, un mus\u00e9e et \u00e0 nouveau une mosqu\u00e9e en 2020.<\/li>\n\n\n\n<li>Son immense coupole et ses mosa\u00efques dor\u00e9es sont impressionnantes.<\/li>\n<\/ul>\n\n\n\n<h3 class=\"wp-block-heading\"><strong>\u26ea Basilique Citerne (Yerebatan Sarn\u0131c\u0131)<\/strong><\/h3>\n\n\n\n<ul class=\"wp-block-list\">\n<li>Une immense citerne souterraine construite au VIe si\u00e8cle.<\/li>\n\n\n\n<li>Connue pour ses 336 colonnes et les myst\u00e9rieuses t\u00eates de M\u00e9duse.<\/li>\n<\/ul>\n\n\n\n<h3 class=\"wp-block-heading\"><strong>\ud83d\udd4c \u00c9glise Saint-Sauveur-in-Chora (Kariye Camii)<\/strong><\/h3>\n\n\n\n<ul class=\"wp-block-list\">\n<li>Superbes mosa\u00efques et fresques byzantines du XIVe si\u00e8cle.<\/li>\n\n\n\n<li>Transform\u00e9e en mosqu\u00e9e, puis en mus\u00e9e, et redevenue mosqu\u00e9e en 2020.<\/li>\n<\/ul>\n\n\n\n<h3 class=\"wp-block-heading\"><strong>\ud83c\udff0 Muraille de Constantinople<\/strong><\/h3>\n\n\n\n<ul class=\"wp-block-list\">\n<li>Construite au Ve si\u00e8cle pour prot\u00e9ger la ville.<\/li>\n\n\n\n<li>Des sections sont encore visibles autour de Fatih et de la Corne d\u2019Or.<\/li>\n<\/ul>\n\n\n\n<h3 class=\"wp-block-heading\"><strong>\ud83c\udfdf\ufe0f Hippodrome de Constantinople<\/strong><\/h3>\n\n\n\n<ul class=\"wp-block-list\">\n<li>Ancien centre des courses de chars de l\u2019Empire romain et byzantin.<\/li>\n\n\n\n<li>Aujourd\u2019hui la place Sultanahmet, avec l\u2019Ob\u00e9lisque de Th\u00e9odose et la Colonne Serpentine.<\/li>\n<\/ul>\n\n\n\n<hr class=\"wp-block-separator has-alpha-channel-opacity\"\/>\n\n\n\n<h1 class=\"wp-block-heading\"><strong>2. Palais et monuments ottomans<\/strong>&nbsp;(XVe \u2013 XIXe si\u00e8cle)<\/h1>\n\n\n\n<h3 class=\"wp-block-heading\"><strong>\ud83c\udff0 Palais de Topkap\u0131<\/strong><\/h3>\n\n\n\n<ul class=\"wp-block-list\">\n<li>Ancienne r\u00e9sidence des sultans ottomans (XVe-XIXe si\u00e8cle).<\/li>\n\n\n\n<li>\u00c0 voir : le Harem, la salle du Tr\u00e9sor, la vue sur le Bosphore.<\/li>\n<\/ul>\n\n\n\n<h3 class=\"wp-block-heading\"><strong>\ud83c\udff0 Palais de Dolmabah\u00e7e<\/strong><\/h3>\n\n\n\n<ul class=\"wp-block-list\">\n<li>Construit au XIXe si\u00e8cle dans un style europ\u00e9en.<\/li>\n\n\n\n<li>Impressionnant escalier de cristal et lustres g\u00e9ants en cristal de Boh\u00eame.<\/li>\n<\/ul>\n\n\n\n<h3 class=\"wp-block-heading\"><strong>\ud83c\udfef Palais de Beylerbeyi<\/strong><\/h3>\n\n\n\n<ul class=\"wp-block-list\">\n<li>Situ\u00e9 sur la rive asiatique, il servait de r\u00e9sidence d\u2019\u00e9t\u00e9 aux sultans.<\/li>\n\n\n\n<li>M\u00e9lange de style ottoman et baroque.<\/li>\n<\/ul>\n\n\n\n<h3 class=\"wp-block-heading\"><strong>\ud83c\udf09 Tour de Galata<\/strong><\/h3>\n\n\n\n<ul class=\"wp-block-list\">\n<li>Ancienne tour de guet construite au XIVe si\u00e8cle par les G\u00e9nois.<\/li>\n\n\n\n<li>Offrant une vue panoramique sur la ville.<\/li>\n<\/ul>\n\n\n\n<h3 class=\"wp-block-heading\"><strong>\ud83d\udd4c Mosqu\u00e9e de Soliman le Magnifique (S\u00fcleymaniye Camii)<\/strong><\/h3>\n\n\n\n<ul class=\"wp-block-list\">\n<li>Con\u00e7ue par l\u2019architecte Sinan au XVIe si\u00e8cle.<\/li>\n\n\n\n<li>Impressionnante par sa taille et son \u00e9l\u00e9gance.<\/li>\n<\/ul>\n\n\n\n<h3 class=\"wp-block-heading\"><strong>\ud83d\udd4c Mosqu\u00e9e Bleue (Sultanahmet Camii)<\/strong><\/h3>\n\n\n\n<ul class=\"wp-block-list\">\n<li>C\u00e9l\u00e8bre pour ses six minarets et ses mosa\u00efques bleues d\u2019Iznik.<\/li>\n\n\n\n<li>Construite au XVIIe si\u00e8cle en face de Sainte-Sophie.<\/li>\n<\/ul>\n\n\n\n<h3 class=\"wp-block-heading\"><strong>\ud83d\udd4c Mosqu\u00e9e de Fatih<\/strong><\/h3>\n\n\n\n<ul class=\"wp-block-list\">\n<li>Construite sur les ruines de l\u2019\u00e9glise des Saints-Ap\u00f4tres.<\/li>\n\n\n\n<li>D\u00e9di\u00e9e au sultan Mehmet II, le Conqu\u00e9rant.<\/li>\n<\/ul>\n\n\n\n<hr class=\"wp-block-separator has-alpha-channel-opacity\"\/>\n\n\n\n<h1 class=\"wp-block-heading\"><strong>3. March\u00e9s et quartiers historiques<\/strong><\/h1>\n\n\n\n<h3 class=\"wp-block-heading\"><strong>\ud83d\udecd\ufe0f Grand Bazar (Kapal\u0131\u00e7ar\u015f\u0131)<\/strong><\/h3>\n\n\n\n<ul class=\"wp-block-list\">\n<li>L\u2019un des plus grands march\u00e9s couverts du monde (XVe si\u00e8cle).<\/li>\n\n\n\n<li>Plus de 4 000 boutiques vendant bijoux, tapis, c\u00e9ramiques\u2026<\/li>\n<\/ul>\n\n\n\n<h3 class=\"wp-block-heading\"><strong>\ud83d\udecd\ufe0f Bazar \u00c9gyptien (March\u00e9 aux \u00e9pices, M\u0131s\u0131r \u00c7ar\u015f\u0131s\u0131)<\/strong><\/h3>\n\n\n\n<ul class=\"wp-block-list\">\n<li>Sp\u00e9cialis\u00e9 dans les \u00e9pices, th\u00e9s, loukoums et fruits secs.<\/li>\n\n\n\n<li>Situ\u00e9 \u00e0 Emin\u00f6n\u00fc, pr\u00e8s du pont de Galata.<\/li>\n<\/ul>\n\n\n\n<h3 class=\"wp-block-heading\"><strong>\ud83c\udfa8 Quartier de Balat et Fener<\/strong><\/h3>\n\n\n\n<ul class=\"wp-block-list\">\n<li>Ancien quartier juif et grec orthodoxe d\u2019Istanbul.<\/li>\n\n\n\n<li>Connue pour ses maisons color\u00e9es et ses ruelles historiques.<\/li>\n<\/ul>\n\n\n\n<hr class=\"wp-block-separator has-alpha-channel-opacity\"\/>\n\n\n\n<h1 class=\"wp-block-heading\"><strong>4. Sites historiques sur la rive asiatique<\/strong><\/h1>\n\n\n\n<h3 class=\"wp-block-heading\"><strong>\ud83d\udd4c Mosqu\u00e9e de Mihrimah Sultan (\u00dcsk\u00fcdar)<\/strong><\/h3>\n\n\n\n<ul class=\"wp-block-list\">\n<li>Con\u00e7ue par l\u2019architecte Sinan pour la fille de Soliman le Magnifique.<\/li>\n<\/ul>\n\n\n\n<h3 class=\"wp-block-heading\"><strong>\ud83c\udfef Tour de L\u00e9andre (K\u0131z Kulesi)<\/strong><\/h3>\n\n\n\n<ul class=\"wp-block-list\">\n<li>Tour situ\u00e9e sur un \u00eelot au milieu du Bosphore.<\/li>\n\n\n\n<li>L\u00e9gende romantique autour d\u2019une princesse enferm\u00e9e ici pour sa protection.<\/li>\n<\/ul>\n\n\n\n<h3 class=\"wp-block-heading\"><strong>\ud83d\udecd\ufe0f March\u00e9 de Kad\u0131k\u00f6y<\/strong><\/h3>\n\n\n\n<ul class=\"wp-block-list\">\n<li>Un march\u00e9 authentique m\u00ealant histoire et modernit\u00e9, id\u00e9al pour la gastronomie.<\/li>\n<\/ul>\n\n\n\n<hr class=\"wp-block-separator has-alpha-channel-opacity\"\/>\n\n\n\n<h1 class=\"wp-block-heading\"><strong>5. Lieux historiques modernes (XIXe \u2013 XXe si\u00e8cle)<\/strong><\/h1>\n\n\n\n<h3 class=\"wp-block-heading\"><strong>\ud83c\udfe4 Gare de Sirkeci<\/strong><\/h3>\n\n\n\n<ul class=\"wp-block-list\">\n<li>Terminus du mythique Orient-Express.<\/li>\n\n\n\n<li>Superbe architecture du XIXe si\u00e8cle.<\/li>\n<\/ul>\n\n\n\n<h3 class=\"wp-block-heading\"><strong>\ud83c\udfdb\ufe0f Mus\u00e9e des Arts turcs et islamiques<\/strong><\/h3>\n\n\n\n<ul class=\"wp-block-list\">\n<li>Collection unique de tapis, manuscrits et c\u00e9ramiques ottomanes.<\/li>\n<\/ul>\n\n\n\n<h3 class=\"wp-block-heading\"><strong>\ud83c\udfdb\ufe0f Mus\u00e9e d\u2019arch\u00e9ologie d\u2019Istanbul<\/strong><\/h3>\n\n\n\n<ul class=\"wp-block-list\">\n<li>Abritant des tr\u00e9sors comme le Sarcophage d\u2019Alexandre le Grand.<\/li>\n<\/ul>\n","protected":false},"excerpt":{"rendered":"<p>1. Monuments byzantins&nbsp;(IVe \u2013 XVe si\u00e8cle) \ud83d\udd4c Sainte-Sophie (Ayasofya) \u26ea Basilique Citerne (Yerebatan Sarn\u0131c\u0131) \ud83d\udd4c \u00c9glise Saint-Sauveur-in-Chora (Kariye Camii) \ud83c\udff0 Muraille de Constantinople \ud83c\udfdf\ufe0f Hippodrome de Constantinople 2. Palais et monuments ottomans&nbsp;(XVe \u2013 XIXe si\u00e8cle) \ud83c\udff0 Palais de Topkap\u0131 \ud83c\udff0 Palais de Dolmabah\u00e7e \ud83c\udfef Palais de Beylerbeyi \ud83c\udf09 Tour de Galata \ud83d\udd4c Mosqu\u00e9e de Soliman [&hellip;]<\/p>\n","protected":false},"author":1,"featured_media":0,"comment_status":"open","ping_status":"open","sticky":false,"template":"","format":"standard","meta":{"saved_in_kubio":false,"footnotes":""},"categories":[1],"tags":[],"class_list":["post-309","post","type-post","status-publish","format-standard","hentry","category-uncategorized"],"yoast_head":"<!-- This site is optimized with the Yoast SEO plugin v24.3 - https:\/\/yoast.com\/wordpress\/plugins\/seo\/ -->\n<title>Les sites historiques - COME TO ISTANBUL<\/title>\n<meta name=\"robots\" content=\"index, follow, max-snippet:-1, max-image-preview:large, max-video-preview:-1\" \/>\n<link rel=\"canonical\" href=\"https:\/\/www.cub1ua.ufra.o2switch.site\/?p=309\" \/>\n<meta property=\"og:locale\" content=\"fr_FR\" \/>\n<meta property=\"og:type\" content=\"article\" \/>\n<meta property=\"og:title\" content=\"Les sites historiques - COME TO ISTANBUL\" \/>\n<meta property=\"og:description\" content=\"1. Monuments byzantins&nbsp;(IVe \u2013 XVe si\u00e8cle) \ud83d\udd4c Sainte-Sophie (Ayasofya) \u26ea Basilique Citerne (Yerebatan Sarn\u0131c\u0131) \ud83d\udd4c \u00c9glise Saint-Sauveur-in-Chora (Kariye Camii) \ud83c\udff0 Muraille de Constantinople \ud83c\udfdf\ufe0f Hippodrome de Constantinople 2. Palais et monuments ottomans&nbsp;(XVe \u2013 XIXe si\u00e8cle) \ud83c\udff0 Palais de Topkap\u0131 \ud83c\udff0 Palais de Dolmabah\u00e7e \ud83c\udfef Palais de Beylerbeyi \ud83c\udf09 Tour de Galata \ud83d\udd4c Mosqu\u00e9e de Soliman [&hellip;]\" \/>\n<meta property=\"og:url\" content=\"https:\/\/www.cub1ua.ufra.o2switch.site\/?p=309\" \/>\n<meta property=\"og:site_name\" content=\"COME TO ISTANBUL\" \/>\n<meta property=\"article:published_time\" content=\"2025-03-13T09:42:14+00:00\" \/>\n<meta property=\"article:modified_time\" content=\"2025-03-13T09:42:15+00:00\" \/>\n<meta property=\"og:image\" content=\"https:\/\/www.cub1ua.ufra.o2switch.site\/wp-content\/uploads\/2025\/03\/large_istanbul_1478271_4f76f6470a-3.jpg\" \/>\n<meta name=\"author\" content=\"Aleyna Acar\" \/>\n<meta name=\"twitter:card\" content=\"summary_large_image\" \/>\n<meta name=\"twitter:label1\" content=\"\u00c9crit par\" \/>\n\t<meta name=\"twitter:data1\" content=\"Aleyna Acar\" \/>\n\t<meta name=\"twitter:label2\" content=\"Dur\u00e9e de lecture estim\u00e9e\" \/>\n\t<meta name=\"twitter:data2\" content=\"3 minutes\" \/>\n<script type=\"application\/ld+json\" class=\"yoast-schema-graph\">{\"@context\":\"https:\/\/schema.org\",\"@graph\":[{\"@type\":\"Article\",\"@id\":\"https:\/\/www.cub1ua.ufra.o2switch.site\/?p=309#article\",\"isPartOf\":{\"@id\":\"https:\/\/www.cub1ua.ufra.o2switch.site\/?p=309\"},\"author\":{\"name\":\"Aleyna Acar\",\"@id\":\"https:\/\/www.cub1ua.ufra.o2switch.site\/#\/schema\/person\/7ae1ae9032ade678c5702d892604362c\"},\"headline\":\"Les sites historiques\",\"datePublished\":\"2025-03-13T09:42:14+00:00\",\"dateModified\":\"2025-03-13T09:42:15+00:00\",\"mainEntityOfPage\":{\"@id\":\"https:\/\/www.cub1ua.ufra.o2switch.site\/?p=309\"},\"wordCount\":559,\"commentCount\":0,\"publisher\":{\"@id\":\"https:\/\/www.cub1ua.ufra.o2switch.site\/#organization\"},\"image\":{\"@id\":\"https:\/\/www.cub1ua.ufra.o2switch.site\/?p=309#primaryimage\"},\"thumbnailUrl\":\"https:\/\/www.cub1ua.ufra.o2switch.site\/wp-content\/uploads\/2025\/03\/large_istanbul_1478271_4f76f6470a-3.jpg\",\"articleSection\":[\"Uncategorized\"],\"inLanguage\":\"fr-FR\",\"potentialAction\":[{\"@type\":\"CommentAction\",\"name\":\"Comment\",\"target\":[\"https:\/\/www.cub1ua.ufra.o2switch.site\/?p=309#respond\"]}]},{\"@type\":\"WebPage\",\"@id\":\"https:\/\/www.cub1ua.ufra.o2switch.site\/?p=309\",\"url\":\"https:\/\/www.cub1ua.ufra.o2switch.site\/?p=309\",\"name\":\"Les sites historiques - COME TO ISTANBUL\",\"isPartOf\":{\"@id\":\"https:\/\/www.cub1ua.ufra.o2switch.site\/#website\"},\"primaryImageOfPage\":{\"@id\":\"https:\/\/www.cub1ua.ufra.o2switch.site\/?p=309#primaryimage\"},\"image\":{\"@id\":\"https:\/\/www.cub1ua.ufra.o2switch.site\/?p=309#primaryimage\"},\"thumbnailUrl\":\"https:\/\/www.cub1ua.ufra.o2switch.site\/wp-content\/uploads\/2025\/03\/large_istanbul_1478271_4f76f6470a-3.jpg\",\"datePublished\":\"2025-03-13T09:42:14+00:00\",\"dateModified\":\"2025-03-13T09:42:15+00:00\",\"breadcrumb\":{\"@id\":\"https:\/\/www.cub1ua.ufra.o2switch.site\/?p=309#breadcrumb\"},\"inLanguage\":\"fr-FR\",\"potentialAction\":[{\"@type\":\"ReadAction\",\"target\":[\"https:\/\/www.cub1ua.ufra.o2switch.site\/?p=309\"]}]},{\"@type\":\"ImageObject\",\"inLanguage\":\"fr-FR\",\"@id\":\"https:\/\/www.cub1ua.ufra.o2switch.site\/?p=309#primaryimage\",\"url\":\"https:\/\/www.cub1ua.ufra.o2switch.site\/wp-content\/uploads\/2025\/03\/large_istanbul_1478271_4f76f6470a-3.jpg\",\"contentUrl\":\"https:\/\/www.cub1ua.ufra.o2switch.site\/wp-content\/uploads\/2025\/03\/large_istanbul_1478271_4f76f6470a-3.jpg\",\"width\":1000,\"height\":665},{\"@type\":\"BreadcrumbList\",\"@id\":\"https:\/\/www.cub1ua.ufra.o2switch.site\/?p=309#breadcrumb\",\"itemListElement\":[{\"@type\":\"ListItem\",\"position\":1,\"name\":\"Accueil\",\"item\":\"https:\/\/www.cub1ua.ufra.o2switch.site\/\"},{\"@type\":\"ListItem\",\"position\":2,\"name\":\"Les sites historiques\"}]},{\"@type\":\"WebSite\",\"@id\":\"https:\/\/www.cub1ua.ufra.o2switch.site\/#website\",\"url\":\"https:\/\/www.cub1ua.ufra.o2switch.site\/\",\"name\":\"COME TO ISTANBUL\",\"description\":\"\",\"publisher\":{\"@id\":\"https:\/\/www.cub1ua.ufra.o2switch.site\/#organization\"},\"potentialAction\":[{\"@type\":\"SearchAction\",\"target\":{\"@type\":\"EntryPoint\",\"urlTemplate\":\"https:\/\/www.cub1ua.ufra.o2switch.site\/?s={search_term_string}\"},\"query-input\":{\"@type\":\"PropertyValueSpecification\",\"valueRequired\":true,\"valueName\":\"search_term_string\"}}],\"inLanguage\":\"fr-FR\"},{\"@type\":\"Organization\",\"@id\":\"https:\/\/www.cub1ua.ufra.o2switch.site\/#organization\",\"name\":\"COME TO ISTANBUL\",\"url\":\"https:\/\/www.cub1ua.ufra.o2switch.site\/\",\"logo\":{\"@type\":\"ImageObject\",\"inLanguage\":\"fr-FR\",\"@id\":\"https:\/\/www.cub1ua.ufra.o2switch.site\/#\/schema\/logo\/image\/\",\"url\":\"https:\/\/www.cub1ua.ufra.o2switch.site\/wp-content\/uploads\/2025\/03\/Istanbul.png\",\"contentUrl\":\"https:\/\/www.cub1ua.ufra.o2switch.site\/wp-content\/uploads\/2025\/03\/Istanbul.png\",\"width\":500,\"height\":500,\"caption\":\"COME TO ISTANBUL\"},\"image\":{\"@id\":\"https:\/\/www.cub1ua.ufra.o2switch.site\/#\/schema\/logo\/image\/\"}},{\"@type\":\"Person\",\"@id\":\"https:\/\/www.cub1ua.ufra.o2switch.site\/#\/schema\/person\/7ae1ae9032ade678c5702d892604362c\",\"name\":\"Aleyna Acar\",\"image\":{\"@type\":\"ImageObject\",\"inLanguage\":\"fr-FR\",\"@id\":\"https:\/\/www.cub1ua.ufra.o2switch.site\/#\/schema\/person\/image\/\",\"url\":\"https:\/\/secure.gravatar.com\/avatar\/b1afbaa1273e5324da6d9609268d9122e504b173feb4b276a654e400968f4822?s=96&d=mm&r=g\",\"contentUrl\":\"https:\/\/secure.gravatar.com\/avatar\/b1afbaa1273e5324da6d9609268d9122e504b173feb4b276a654e400968f4822?s=96&d=mm&r=g\",\"caption\":\"Aleyna Acar\"},\"sameAs\":[\"http:\/\/www.cub1ua.ufra.o2switch.site\"],\"url\":\"https:\/\/www.cub1ua.ufra.o2switch.site\/?author=1\"}]}<\/script>\n<!-- \/ Yoast SEO plugin. -->","yoast_head_json":{"title":"Les sites historiques - COME TO ISTANBUL","robots":{"index":"index","follow":"follow","max-snippet":"max-snippet:-1","max-image-preview":"max-image-preview:large","max-video-preview":"max-video-preview:-1"},"canonical":"https:\/\/www.cub1ua.ufra.o2switch.site\/?p=309","og_locale":"fr_FR","og_type":"article","og_title":"Les sites historiques - COME TO ISTANBUL","og_description":"1. Monuments byzantins&nbsp;(IVe \u2013 XVe si\u00e8cle) \ud83d\udd4c Sainte-Sophie (Ayasofya) \u26ea Basilique Citerne (Yerebatan Sarn\u0131c\u0131) \ud83d\udd4c \u00c9glise Saint-Sauveur-in-Chora (Kariye Camii) \ud83c\udff0 Muraille de Constantinople \ud83c\udfdf\ufe0f Hippodrome de Constantinople 2. Palais et monuments ottomans&nbsp;(XVe \u2013 XIXe si\u00e8cle) \ud83c\udff0 Palais de Topkap\u0131 \ud83c\udff0 Palais de Dolmabah\u00e7e \ud83c\udfef Palais de Beylerbeyi \ud83c\udf09 Tour de Galata \ud83d\udd4c Mosqu\u00e9e de Soliman [&hellip;]","og_url":"https:\/\/www.cub1ua.ufra.o2switch.site\/?p=309","og_site_name":"COME TO ISTANBUL","article_published_time":"2025-03-13T09:42:14+00:00","article_modified_time":"2025-03-13T09:42:15+00:00","og_image":[{"url":"https:\/\/www.cub1ua.ufra.o2switch.site\/wp-content\/uploads\/2025\/03\/large_istanbul_1478271_4f76f6470a-3.jpg","type":"","width":"","height":""}],"author":"Aleyna Acar","twitter_card":"summary_large_image","twitter_misc":{"\u00c9crit par":"Aleyna Acar","Dur\u00e9e de lecture estim\u00e9e":"3 minutes"},"schema":{"@context":"https:\/\/schema.org","@graph":[{"@type":"Article","@id":"https:\/\/www.cub1ua.ufra.o2switch.site\/?p=309#article","isPartOf":{"@id":"https:\/\/www.cub1ua.ufra.o2switch.site\/?p=309"},"author":{"name":"Aleyna Acar","@id":"https:\/\/www.cub1ua.ufra.o2switch.site\/#\/schema\/person\/7ae1ae9032ade678c5702d892604362c"},"headline":"Les sites historiques","datePublished":"2025-03-13T09:42:14+00:00","dateModified":"2025-03-13T09:42:15+00:00","mainEntityOfPage":{"@id":"https:\/\/www.cub1ua.ufra.o2switch.site\/?p=309"},"wordCount":559,"commentCount":0,"publisher":{"@id":"https:\/\/www.cub1ua.ufra.o2switch.site\/#organization"},"image":{"@id":"https:\/\/www.cub1ua.ufra.o2switch.site\/?p=309#primaryimage"},"thumbnailUrl":"https:\/\/www.cub1ua.ufra.o2switch.site\/wp-content\/uploads\/2025\/03\/large_istanbul_1478271_4f76f6470a-3.jpg","articleSection":["Uncategorized"],"inLanguage":"fr-FR","potentialAction":[{"@type":"CommentAction","name":"Comment","target":["https:\/\/www.cub1ua.ufra.o2switch.site\/?p=309#respond"]}]},{"@type":"WebPage","@id":"https:\/\/www.cub1ua.ufra.o2switch.site\/?p=309","url":"https:\/\/www.cub1ua.ufra.o2switch.site\/?p=309","name":"Les sites historiques - COME TO ISTANBUL","isPartOf":{"@id":"https:\/\/www.cub1ua.ufra.o2switch.site\/#website"},"primaryImageOfPage":{"@id":"https:\/\/www.cub1ua.ufra.o2switch.site\/?p=309#primaryimage"},"image":{"@id":"https:\/\/www.cub1ua.ufra.o2switch.site\/?p=309#primaryimage"},"thumbnailUrl":"https:\/\/www.cub1ua.ufra.o2switch.site\/wp-content\/uploads\/2025\/03\/large_istanbul_1478271_4f76f6470a-3.jpg","datePublished":"2025-03-13T09:42:14+00:00","dateModified":"2025-03-13T09:42:15+00:00","breadcrumb":{"@id":"https:\/\/www.cub1ua.ufra.o2switch.site\/?p=309#breadcrumb"},"inLanguage":"fr-FR","potentialAction":[{"@type":"ReadAction","target":["https:\/\/www.cub1ua.ufra.o2switch.site\/?p=309"]}]},{"@type":"ImageObject","inLanguage":"fr-FR","@id":"https:\/\/www.cub1ua.ufra.o2switch.site\/?p=309#primaryimage","url":"https:\/\/www.cub1ua.ufra.o2switch.site\/wp-content\/uploads\/2025\/03\/large_istanbul_1478271_4f76f6470a-3.jpg","contentUrl":"https:\/\/www.cub1ua.ufra.o2switch.site\/wp-content\/uploads\/2025\/03\/large_istanbul_1478271_4f76f6470a-3.jpg","width":1000,"height":665},{"@type":"BreadcrumbList","@id":"https:\/\/www.cub1ua.ufra.o2switch.site\/?p=309#breadcrumb","itemListElement":[{"@type":"ListItem","position":1,"name":"Accueil","item":"https:\/\/www.cub1ua.ufra.o2switch.site\/"},{"@type":"ListItem","position":2,"name":"Les sites historiques"}]},{"@type":"WebSite","@id":"https:\/\/www.cub1ua.ufra.o2switch.site\/#website","url":"https:\/\/www.cub1ua.ufra.o2switch.site\/","name":"COME TO ISTANBUL","description":"","publisher":{"@id":"https:\/\/www.cub1ua.ufra.o2switch.site\/#organization"},"potentialAction":[{"@type":"SearchAction","target":{"@type":"EntryPoint","urlTemplate":"https:\/\/www.cub1ua.ufra.o2switch.site\/?s={search_term_string}"},"query-input":{"@type":"PropertyValueSpecification","valueRequired":true,"valueName":"search_term_string"}}],"inLanguage":"fr-FR"},{"@type":"Organization","@id":"https:\/\/www.cub1ua.ufra.o2switch.site\/#organization","name":"COME TO ISTANBUL","url":"https:\/\/www.cub1ua.ufra.o2switch.site\/","logo":{"@type":"ImageObject","inLanguage":"fr-FR","@id":"https:\/\/www.cub1ua.ufra.o2switch.site\/#\/schema\/logo\/image\/","url":"https:\/\/www.cub1ua.ufra.o2switch.site\/wp-content\/uploads\/2025\/03\/Istanbul.png","contentUrl":"https:\/\/www.cub1ua.ufra.o2switch.site\/wp-content\/uploads\/2025\/03\/Istanbul.png","width":500,"height":500,"caption":"COME TO ISTANBUL"},"image":{"@id":"https:\/\/www.cub1ua.ufra.o2switch.site\/#\/schema\/logo\/image\/"}},{"@type":"Person","@id":"https:\/\/www.cub1ua.ufra.o2switch.site\/#\/schema\/person\/7ae1ae9032ade678c5702d892604362c","name":"Aleyna Acar","image":{"@type":"ImageObject","inLanguage":"fr-FR","@id":"https:\/\/www.cub1ua.ufra.o2switch.site\/#\/schema\/person\/image\/","url":"https:\/\/secure.gravatar.com\/avatar\/b1afbaa1273e5324da6d9609268d9122e504b173feb4b276a654e400968f4822?s=96&d=mm&r=g","contentUrl":"https:\/\/secure.gravatar.com\/avatar\/b1afbaa1273e5324da6d9609268d9122e504b173feb4b276a654e400968f4822?s=96&d=mm&r=g","caption":"Aleyna Acar"},"sameAs":["http:\/\/www.cub1ua.ufra.o2switch.site"],"url":"https:\/\/www.cub1ua.ufra.o2switch.site\/?author=1"}]}},"_links":{"self":[{"href":"https:\/\/www.cub1ua.ufra.o2switch.site\/index.php?rest_route=\/wp\/v2\/posts\/309","targetHints":{"allow":["GET"]}}],"collection":[{"href":"https:\/\/www.cub1ua.ufra.o2switch.site\/index.php?rest_route=\/wp\/v2\/posts"}],"about":[{"href":"https:\/\/www.cub1ua.ufra.o2switch.site\/index.php?rest_route=\/wp\/v2\/types\/post"}],"author":[{"embeddable":true,"href":"https:\/\/www.cub1ua.ufra.o2switch.site\/index.php?rest_route=\/wp\/v2\/users\/1"}],"replies":[{"embeddable":true,"href":"https:\/\/www.cub1ua.ufra.o2switch.site\/index.php?rest_route=%2Fwp%2Fv2%2Fcomments&post=309"}],"version-history":[{"count":1,"href":"https:\/\/www.cub1ua.ufra.o2switch.site\/index.php?rest_route=\/wp\/v2\/posts\/309\/revisions"}],"predecessor-version":[{"id":312,"href":"https:\/\/www.cub1ua.ufra.o2switch.site\/index.php?rest_route=\/wp\/v2\/posts\/309\/revisions\/312"}],"wp:attachment":[{"href":"https:\/\/www.cub1ua.ufra.o2switch.site\/index.php?rest_route=%2Fwp%2Fv2%2Fmedia&parent=309"}],"wp:term":[{"taxonomy":"category","embeddable":true,"href":"https:\/\/www.cub1ua.ufra.o2switch.site\/index.php?rest_route=%2Fwp%2Fv2%2Fcategories&post=309"},{"taxonomy":"post_tag","embeddable":true,"href":"https:\/\/www.cub1ua.ufra.o2switch.site\/index.php?rest_route=%2Fwp%2Fv2%2Ftags&post=309"}],"curies":[{"name":"wp","href":"https:\/\/api.w.org\/{rel}","templated":true}]}}